{"id":1398,"date":"2013-11-03T16:25:05","date_gmt":"2013-11-03T16:25:05","guid":{"rendered":"http:\/\/www.jazzconilhac.fr\/?p=1398"},"modified":"2013-11-03T16:25:05","modified_gmt":"2013-11-03T16:25:05","slug":"disparition-de-serge-oustiakine","status":"publish","type":"post","link":"https:\/\/jazzconilhac.fr\/index.php\/2013\/11\/03\/disparition-de-serge-oustiakine\/","title":{"rendered":"Disparition de Serge Oustiakine"},"content":{"rendered":"<p>\t\t\t\t<![CDATA[<a href=\"http:\/\/www.jazzconilhac.fr\/wp-content\/uploads\/2013\/11\/Serge_Oustiakine.jpg\"><img loading=\"lazy\" decoding=\"async\" class=\"alignleft size-medium wp-image-1399\" title=\"Serge_Oustiakine\" src=\"http:\/\/www.jazzconilhac.fr\/wp-content\/uploads\/2013\/11\/Serge_Oustiakine-200x300.jpg\" alt=\"\" width=\"200\" height=\"300\" srcset=\"https:\/\/jazzconilhac.fr\/wp-content\/uploads\/2013\/11\/Serge_Oustiakine-200x300.jpg 200w, https:\/\/jazzconilhac.fr\/wp-content\/uploads\/2013\/11\/Serge_Oustiakine.jpg 500w\" sizes=\"(max-width: 200px) 100vw, 200px\" \/><\/a>La nouvelle est tomb\u00e9e comme un coup de massue sur l&rsquo;\u00e9quipe de Jazz\/Conilhac. Serge est d\u00e9c\u00e9d\u00e9 samedi 2\/11 au matin alors qu&rsquo;il devait se produire sur la sc\u00e8ne Conilhacoise le soir avec Triple Scotch (Thierry Oll\u00e9, Bernard Lara). La premi\u00e8re partie de John Scofield a \u00e9t\u00e9 annul\u00e9e et hommage lui a \u00e9t\u00e9 rendu par une \u00ab\u00a0standing ovation\u00a0\u00bb apr\u00e8s l&rsquo;\u00e9coute de Giorgia on my mind plus qu&rsquo;\u00e9mouvant.\nTu es all\u00e9 rejoindre les \u00e9toiles du Jazz et ta musique, ta gentillesse, ton sourire et ta joie de vivre nous manqueront.\nSalut l&rsquo;ami.\n&nbsp;]]>\t\t<\/p>\n","protected":false},"excerpt":{"rendered":"<p>\t\t\t\t<![CDATA[]]>\t\t&#8230; <\/p>\n<div class=\"read-more navbutton\"><a href=\"https:\/\/jazzconilhac.fr\/index.php\/2013\/11\/03\/disparition-de-serge-oustiakine\/\">Lire la suite<i class=\"fa fa-angle-double-right\"><\/i><\/a><\/div>\n","protected":false},"author":1,"featured_media":0,"comment_status":"open","ping_status":"open","sticky":false,"template":"","format":"standard","meta":{"footnotes":""},"categories":[2],"tags":[],"_links":{"self":[{"href":"https:\/\/jazzconilhac.fr\/index.php\/wp-json\/wp\/v2\/posts\/1398"}],"collection":[{"href":"https:\/\/jazzconilhac.fr\/index.php\/wp-json\/wp\/v2\/posts"}],"about":[{"href":"https:\/\/jazzconilhac.fr\/index.php\/wp-json\/wp\/v2\/types\/post"}],"author":[{"embeddable":true,"href":"https:\/\/jazzconilhac.fr\/index.php\/wp-json\/wp\/v2\/users\/1"}],"replies":[{"embeddable":true,"href":"https:\/\/jazzconilhac.fr\/index.php\/wp-json\/wp\/v2\/comments?post=1398"}],"version-history":[{"count":0,"href":"https:\/\/jazzconilhac.fr\/index.php\/wp-json\/wp\/v2\/posts\/1398\/revisions"}],"wp:attachment":[{"href":"https:\/\/jazzconilhac.fr\/index.php\/wp-json\/wp\/v2\/media?parent=1398"}],"wp:term":[{"taxonomy":"category","embeddable":true,"href":"https:\/\/jazzconilhac.fr\/index.php\/wp-json\/wp\/v2\/categories?post=1398"},{"taxonomy":"post_tag","embeddable":true,"href":"https:\/\/jazzconilhac.fr\/index.php\/wp-json\/wp\/v2\/tags?post=1398"}],"curies":[{"name":"wp","href":"https:\/\/api.w.org\/{rel}","templated":true}]}}