{"id":2438,"date":"2016-11-01T14:14:33","date_gmt":"2016-11-01T14:14:33","guid":{"rendered":"http:\/\/www.jazzconilhac.fr\/?p=2438"},"modified":"2016-11-01T14:14:33","modified_gmt":"2016-11-01T14:14:33","slug":"lechonilhjazz-29-octobre-2016","status":"publish","type":"post","link":"https:\/\/jazzconilhac.fr\/index.php\/2016\/11\/01\/lechonilhjazz-29-octobre-2016\/","title":{"rendered":"L&#039;Echonilh&#039;Jazz &#8211; 29 Octobre 2016"},"content":{"rendered":"<p>\t\t\t\t<![CDATA[<strong>JOURNAL DU FESTIVAL de CONILHAC 2016<\/strong>\nR\u00e9dacteurs du Journal\u00a0 :\nJ\u00e9r\u00f4me BAUGUIL, Jean Michel CHESSARI, Ren\u00e9 GRAUBY, Babeth PORCARELLI\n<a title=\"Echonil'Jazz 2016_1\" href=\"http:\/\/www.jazzconilhac.fr\/wp-content\/uploads\/2016\/11\/Journal2016-1.pdf\" target=\"_blank\">T\u00e9l\u00e9chargez le journal au format pdf<\/a>\n<a href=\"http:\/\/www.jazzconilhac.fr\/wp-content\/uploads\/2016\/11\/Journal2016-1-1.jpg\"><img loading=\"lazy\" decoding=\"async\" class=\"alignleft size-full wp-image-2439\" title=\"Journal2016-1-1\" src=\"http:\/\/www.jazzconilhac.fr\/wp-content\/uploads\/2016\/11\/Journal2016-1-1.jpg\" alt=\"\" width=\"700\" height=\"986\" srcset=\"https:\/\/jazzconilhac.fr\/wp-content\/uploads\/2016\/11\/Journal2016-1-1.jpg 700w, https:\/\/jazzconilhac.fr\/wp-content\/uploads\/2016\/11\/Journal2016-1-1-213x300.jpg 213w\" sizes=\"(max-width: 700px) 100vw, 700px\" \/><\/a><a href=\"http:\/\/www.jazzconilhac.fr\/wp-content\/uploads\/2016\/11\/Journal2016-1-2.jpg\"><img loading=\"lazy\" decoding=\"async\" class=\"alignleft size-full wp-image-2440\" title=\"Journal2016-1-2\" src=\"http:\/\/www.jazzconilhac.fr\/wp-content\/uploads\/2016\/11\/Journal2016-1-2.jpg\" alt=\"\" width=\"700\" height=\"981\" srcset=\"https:\/\/jazzconilhac.fr\/wp-content\/uploads\/2016\/11\/Journal2016-1-2.jpg 700w, https:\/\/jazzconilhac.fr\/wp-content\/uploads\/2016\/11\/Journal2016-1-2-214x300.jpg 214w\" sizes=\"(max-width: 700px) 100vw, 700px\" \/><\/a>]]>\t\t<\/p>\n","protected":false},"excerpt":{"rendered":"<p>\t\t\t\t<![CDATA[]]>\t\t&#8230; <\/p>\n<div class=\"read-more navbutton\"><a href=\"https:\/\/jazzconilhac.fr\/index.php\/2016\/11\/01\/lechonilhjazz-29-octobre-2016\/\">Lire la suite<i class=\"fa fa-angle-double-right\"><\/i><\/a><\/div>\n","protected":false},"author":1,"featured_media":0,"comment_status":"open","ping_status":"open","sticky":false,"template":"","format":"standard","meta":{"footnotes":""},"categories":[2,8],"tags":[],"_links":{"self":[{"href":"https:\/\/jazzconilhac.fr\/index.php\/wp-json\/wp\/v2\/posts\/2438"}],"collection":[{"href":"https:\/\/jazzconilhac.fr\/index.php\/wp-json\/wp\/v2\/posts"}],"about":[{"href":"https:\/\/jazzconilhac.fr\/index.php\/wp-json\/wp\/v2\/types\/post"}],"author":[{"embeddable":true,"href":"https:\/\/jazzconilhac.fr\/index.php\/wp-json\/wp\/v2\/users\/1"}],"replies":[{"embeddable":true,"href":"https:\/\/jazzconilhac.fr\/index.php\/wp-json\/wp\/v2\/comments?post=2438"}],"version-history":[{"count":0,"href":"https:\/\/jazzconilhac.fr\/index.php\/wp-json\/wp\/v2\/posts\/2438\/revisions"}],"wp:attachment":[{"href":"https:\/\/jazzconilhac.fr\/index.php\/wp-json\/wp\/v2\/media?parent=2438"}],"wp:term":[{"taxonomy":"category","embeddable":true,"href":"https:\/\/jazzconilhac.fr\/index.php\/wp-json\/wp\/v2\/categories?post=2438"},{"taxonomy":"post_tag","embeddable":true,"href":"https:\/\/jazzconilhac.fr\/index.php\/wp-json\/wp\/v2\/tags?post=2438"}],"curies":[{"name":"wp","href":"https:\/\/api.w.org\/{rel}","templated":true}]}}