{"id":3984,"date":"2022-11-16T08:16:57","date_gmt":"2022-11-16T07:16:57","guid":{"rendered":"http:\/\/jazzconilhac.fr\/?p=3984"},"modified":"2022-11-16T08:16:57","modified_gmt":"2022-11-16T07:16:57","slug":"le-decompte","status":"publish","type":"post","link":"https:\/\/jazzconilhac.fr\/index.php\/2022\/11\/16\/le-decompte\/","title":{"rendered":"LE D\u00c9COMPTE"},"content":{"rendered":"\n<p><a href=\"https:\/\/artistiquementsolidaire.blogspot.com\/p\/D\u00c9COMPTE\">https:\/\/artistiquementsolidaire.blogspot.com\/p\/D\u00c9COMPTE<\/a><\/p>\n\n\n\n<p>A Conilhac, pas de fus\u00e9e \u00e0 envoyer dans la stratosph\u00e8re, ici la <em>Nature<\/em> est respect\u00e9e. Mais le d\u00e9compte a bien eu lieu et l\u2019histoire commence toujours \u00e0 vingt heures trente.<\/p>\n\n\n\n<p>Pas de pas de tir non plus, et pourtant les \u00e9motions peuvent vous vriller le c\u0153ur et l\u2019esprit aussi surement qu\u2019au centre spatial d\u2019Evry ou \u00e0 Kourou apr\u00e8s les diff\u00e9rents lancements d\u2019Ariane (cocorico). Mais \u00e0 Conilhac, on ne se r\u00e9gale que de moments musicaux exceptionnels et pour cette troisi\u00e8me soir\u00e9e, ils \u00e9taient pour le moins excitants, raffin\u00e9s, hors du temps.&nbsp;<\/p>\n\n\n\n<p>Des rendez-vous \u00e0 ne pas manquer car d\u2019un samedi \u00e0 l\u2019autre le jazz change de plan\u00e8te, s\u2019\u00e9broue diff\u00e9remment, vous fait franchir de nouvelles lignes voire transgresse les r\u00e8gles que vous imaginiez.&nbsp;<\/p>\n\n\n\n<p>Quelle exp\u00e9rience, cette soir\u00e9e du 12 novembre.<\/p>\n\n\n\n<p>Pourtant tout avait \u2013 semble-t-il \u2013 commenc\u00e9 de fa\u00e7on toute ordinaire&nbsp;: l\u2019accordeur avait pris soin du splendide Steinway \u00e0 gauche de la sc\u00e8ne, les magiciens du son et des lumi\u00e8res terminaient leurs r\u00e9glages et le vid\u00e9aste semblait confiant du choix de son positionnement. Enfin, tous les b\u00e9n\u00e9voles \u00e9taient en place pour accueillir le public, le pla\u00e7ant avec gentillesse et sourire, distribuant ici l\u2019\u00e9conilh\u2019jazz ou attribuant les quelques places encore disponibles, v\u00e9rifiant, l\u00e0, une derni\u00e8re fois la sc\u00e8ne pour y d\u00e9poser l\u2019eau min\u00e9rale&nbsp; n\u00e9cessaire aux artistes.<\/p>\n\n\n\n<p>Lorsqu\u2019enfin les lumi\u00e8res se sont \u00e9teintes pour accueillir <strong>LOUIS&nbsp; MARTINEZ 6tet<\/strong>, la salle a applaudi. Il faut le dire Louis est bien connu dans la r\u00e9gion&nbsp;: Directeur du Festival Jazz de S\u00e8te qu\u2019il imaginait en 1985, autodidacte et pourvoyeur de savoir, il fait confiance \u00e0 son instinct et va nous le d\u00e9montrer ce soir. Pour ma part, je sais d\u00e9j\u00e0 que je vais appr\u00e9cier, d\u2019abord parce qu\u2019il est fan d\u2019Henri Salvador et de Michel Legrand, que j\u2019adore \u00e9galement et parce que j\u2019ai entendu quelques mesures du spectacle qui va se jouer l\u00e0, lors des ajustements de sono. Et il y en a eu des ajustements, car Louis Martinez est un perfectionniste, le son et l\u2019image, tout est important. Il suffit de regarder la pochette de ses albums pour le comprendre\u2026<\/p>\n\n\n\n<p>Je digresse, reprenons le cours du concert et les pr\u00e9sentations de ces <strong>6<\/strong> artistes&nbsp;:&nbsp;<\/p>\n\n\n\n<ul><li><strong>Margot SORIA<\/strong> et <strong>Agn\u00e8s SOM<\/strong> sont deux magnifiques chanteuses, aux voix claires et aux vibratos parfaitement ma\u00eetris\u00e9s, avec des tons pleins et m\u00e9lodieux, capables de nous faire vibrer par ce simple bonheur de chanter. Il suffit de regarder leurs mains, leurs gestes pour comprendre qu\u2019elles sont avant tout musiciennes.&nbsp;<\/li><li><strong>G\u00e9rard PONCIN<\/strong> est au piano et saura nous \u00e9mouvoir autant que&nbsp;<\/li><li><strong>Thomas DOMENE<\/strong> avec sa batterie ou&nbsp;<\/li><li><strong>Philippe PANEL<\/strong> et sa contrebasse \u00e0 l\u2019occasion de solos qu\u2019ils essaiment durant tout le concert.&nbsp;<\/li><li>Et puis, il y a <strong>Louis MARTINEZ<\/strong> et sa guitare, dont les \u00ab&nbsp;<strong>influences<\/strong>&nbsp;\u00bb sont multiples<\/li><\/ul>\n\n\n\n<p>A l\u2019entracte, j\u2019ai entendu quelqu\u2019un du public dire&nbsp;: \u00ab&nbsp;c\u2019est une rythmique avec des chants&nbsp;\u00bb, certes, mais quel beau sc\u00e9nario, quel joli dialogue entre Pop, R&amp;B, soul,&nbsp; sons latins et&nbsp; jazz, qui laisse la part belle aux voix.<\/p>\n\n\n\n<p>Nous avons voyag\u00e9 avec eux de <em>Bruxelles<\/em> aux Etats Unis pour une rencontre avec <em>Aretha<\/em> (Franklin). Nous avons m\u00eame embarqu\u00e9 pour <em>Blueland<\/em> (une composition de G\u00e9rard Poncin). Bref, nous avons survol\u00e9 cet album si parfaitement cisel\u00e9 tout en douceur, un album qui nous chuchotait parfois&nbsp;:&nbsp;\u00ab&nbsp;N\u2019est-ce pas que \u00e7a donne envie de danser&nbsp;?&nbsp;\u00bb.<\/p>\n\n\n\n<p>Les plus avertis le savaient, il y avait une surprise sur ce CD, qui s\u2019est concr\u00e9tis\u00e9e \u00e0 Conilhac sans grande difficult\u00e9. Pr\u00e9sent pour la seconde partie du programme, <strong>St\u00e9phane BELMONDO<\/strong> a rejoint le groupe pour quelques morceaux toujours aussi r\u00e9confortants. Plus exactement Louis est all\u00e9 qu\u00e9rir St\u00e9phane en Loges. Bref, on \u00e9tait presque sur \u00ab&nbsp;les copains d\u2019abord&nbsp;\u00bb, c\u2019est aussi cela les S\u00e9tois.<\/p>\n\n\n\n<p>L\u2019heure du d\u00e9compte approche, mais avant il y a l\u2019entracte qui permet toujours soit de prendre l\u2019air, soit de prendre un verre, soit \u2013 et c\u2019est important &#8211; de rencontrer les artistes, qui se pr\u00eatent gentiment au jeu de la d\u00e9dicace de leur album vendu sur place. Ce sont Agn\u00e8s et Margot \u2013 les solistes &#8211; qui signeront les opus sans pour autant oublier leurs complices de sc\u00e8ne qui pour le moment sont encore sur celle-ci pour ranger leurs instruments.<\/p>\n\n\n\n<p>Lorsqu\u2019enfin l\u2019entracte se termine, que la sc\u00e8ne a \u00e9t\u00e9 \u00ab&nbsp;check\u00e9e&nbsp;\u00bb (permettez l\u2019anglicisme) pour une seconde partie bien diff\u00e9rente, le <strong>BELMONDO Quintet<\/strong> investit les lieux.<\/p>\n\n\n\n<p>De 6, nous passerons \u00e0 <strong>5<\/strong> mais la diff\u00e9rence se situe bien au-del\u00e0 du chiffre et j\u2019avoue tr\u00e8s&nbsp; honn\u00eatement ma stup\u00e9faction, enfin quelque chose \u00e0 mi-chemin entre surprise et admiration.&nbsp;<\/p>\n\n\n\n<p>St\u00e9phane, sans bugle, ni trompette, s\u2019est \u00e9lanc\u00e9 dans une interpr\u00e9tation musicale digne de Pierre BOULEZ ou Olivier MESSIAEN avec, ce qui m\u2019a sembl\u00e9 \u00eatre un coquillage (Une conque me dira Jacques \u2013 photographe &#8211; qui a plus d\u2019une passion \u00e0 son arc).&nbsp;<\/p>\n\n\n\n<p>Nous voil\u00e0 plong\u00e9s 20 000 lieues sous les mers. Etrange et envoutant \u00e0 la fois. Evidemment lorsque l\u2019on conna\u00eet ce quintet, il est plus ais\u00e9 de les situer. Et ce soir, nous avons un public de connaisseurs qui ne boudent pas son plaisir et qui le fait entendre. C\u2019est \u00e0 peine si l\u2019on entend la voix de St\u00e9phane lorsqu\u2019il pr\u00e9sente chaque membre de la formation \u2013 l\u00e9gendaire vous diront les initi\u00e9s &#8211;&nbsp; tant le foisonnement des applaudissements est incandescent.<\/p>\n\n\n\n<ul><li><strong>Lionel BELMONDO<\/strong>, sax t\u00e9nor et fl\u00fbte,<\/li><li><strong>St\u00e9phane BELMONDO<\/strong>, trompette et bugle,<\/li><li><strong>Tony RABESON<\/strong>, batterie,<\/li><li><strong>Laurent FICKELSON<\/strong>, piano<\/li><li><strong>Thomas BRAMERIE<\/strong>, contrebasse<\/li><\/ul>\n\n\n\n<p>C\u2019est ainsi que nous explorerons une nouvelle facette de ce jazz insaisissable&nbsp;: le jazz moderne et ce soir il sera incontestablement acoustique et rendra hommage pour l\u2019essentiel \u00e0 Yvan BELMONDO, le papa de Lionel et St\u00e9phane et \u00e0 Yusef LATEEF, au travers de morceaux sublimes&nbsp;: <em>Song for Dad<\/em> et <em>Yusef\u2019s Tree<\/em>, le premier sign\u00e9 par St\u00e9phane et le second par Lionel.<\/p>\n\n\n\n<p>Avouons que nous sommes ici dans l\u2019excellence et si parfois le quintet nous bouscule avec des sonorit\u00e9s \u00e0 nulle autre pareilles, des solos \u00e9poustouflants qui nous laissent pantois d\u2019admiration mais en apn\u00e9e compl\u00e8te, c\u2019est pour mieux nous ramener la douceur de la rythmique.&nbsp;<\/p>\n\n\n\n<p>Voyez <em>Wayne\u2019s Words<\/em> o\u00f9, Lionel se livre \u00e0 un solo des plus remarquables et qui pourtant semble beaucoup l\u2019amuser.&nbsp;<\/p>\n\n\n\n<p>Ces musiciens sont au sommet de leur art, ils ont travers\u00e9 l\u2019hexagone de long en large, jou\u00e9 sur les plus grandes sc\u00e8nes et nous avons la chance de les avoir ce soir avec nous et de parcourir cet album intitul\u00e9 tout simplement BROTHERHOOD. St\u00e9phane ajoutera \u00e0 ce propos qu\u2019au del\u00e0 de la traduction litt\u00e9rale, c\u2019est aussi une fa\u00e7on de remercier leur p\u00e8re disparu en 2019.<\/p>\n\n\n\n<p>Ils nous ont offert un concert \u00ab&nbsp;organique&nbsp;\u00bb, quelque chose qui vous attrape et ne veut plus vous l\u00e2cher. Et vous savez quoi&nbsp;? Si parfois on a eu du mal \u00e0 reprendre notre souffle tellement c\u2019\u00e9tait intense, on a ador\u00e9. Et ils l\u2019ont bien compris car apr\u00e8s cette performance instrumentale, ils reprenaient leurs instruments pour un dernier morceau\u2026<\/p>\n\n\n\n<p>H\u00e2te de voir ce qui se passera le 19 novembre prochain&nbsp;: <strong>4<\/strong><sup>i\u00e8me<\/sup> concert et un trio (<strong>3<\/strong>) en ouverture de soir\u00e9e\u2026 Allez je vous fais gr\u00e2ce de la fin du d\u00e9compte apr\u00e8s un tel voyage dans les \u00e9toiles.&nbsp;<\/p>\n\n\n\n<pre class=\"wp-block-verse\">Dominique MONTEREAU\n\n<\/pre>\n\n\n\n<figure class=\"wp-block-gallery has-nested-images columns-default is-cropped wp-block-gallery-1 is-layout-flex wp-block-gallery-is-layout-flex\">\n<figure class=\"wp-block-image size-large\"><img loading=\"lazy\" decoding=\"async\" width=\"1024\" height=\"768\" data-id=\"4018\" src=\"https:\/\/jazzconilhac.fr\/wp-content\/uploads\/2022\/11\/DSC00931-copie-WEB-1-1024x768.jpg\" alt=\"\" class=\"wp-image-4018\" srcset=\"https:\/\/jazzconilhac.fr\/wp-content\/uploads\/2022\/11\/DSC00931-copie-WEB-1-1024x768.jpg 1024w, https:\/\/jazzconilhac.fr\/wp-content\/uploads\/2022\/11\/DSC00931-copie-WEB-1-300x225.jpg 300w, https:\/\/jazzconilhac.fr\/wp-content\/uploads\/2022\/11\/DSC00931-copie-WEB-1-768x576.jpg 768w, https:\/\/jazzconilhac.fr\/wp-content\/uploads\/2022\/11\/DSC00931-copie-WEB-1-1536x1152.jpg 1536w, https:\/\/jazzconilhac.fr\/wp-content\/uploads\/2022\/11\/DSC00931-copie-WEB-1-2048x1536.jpg 2048w\" sizes=\"(max-width: 1024px) 100vw, 1024px\" \/><\/figure>\n\n\n\n<figure class=\"wp-block-image size-large\"><img loading=\"lazy\" decoding=\"async\" width=\"1024\" height=\"768\" data-id=\"4019\" src=\"https:\/\/jazzconilhac.fr\/wp-content\/uploads\/2022\/11\/DSC00977-copie-WEB-1-1024x768.jpg\" alt=\"\" class=\"wp-image-4019\" srcset=\"https:\/\/jazzconilhac.fr\/wp-content\/uploads\/2022\/11\/DSC00977-copie-WEB-1-1024x768.jpg 1024w, https:\/\/jazzconilhac.fr\/wp-content\/uploads\/2022\/11\/DSC00977-copie-WEB-1-300x225.jpg 300w, https:\/\/jazzconilhac.fr\/wp-content\/uploads\/2022\/11\/DSC00977-copie-WEB-1-768x576.jpg 768w, https:\/\/jazzconilhac.fr\/wp-content\/uploads\/2022\/11\/DSC00977-copie-WEB-1-1536x1152.jpg 1536w, https:\/\/jazzconilhac.fr\/wp-content\/uploads\/2022\/11\/DSC00977-copie-WEB-1-2048x1536.jpg 2048w\" sizes=\"(max-width: 1024px) 100vw, 1024px\" \/><\/figure>\n\n\n\n<figure class=\"wp-block-image size-large\"><img decoding=\"async\" data-id=\"4003\" src=\"https:\/\/jazzconilhac.fr\/wp-content\/uploads\/2022\/11\/DSC06025-copie-WEB.jpg\" alt=\"\" class=\"wp-image-4003\"\/><\/figure>\n\n\n\n<figure class=\"wp-block-image size-large\"><img loading=\"lazy\" decoding=\"async\" width=\"2560\" height=\"1920\" data-id=\"4011\" src=\"https:\/\/jazzconilhac.fr\/wp-content\/uploads\/2022\/11\/DSC06113-copie-WEB-scaled.jpg\" alt=\"\" class=\"wp-image-4011\" srcset=\"https:\/\/jazzconilhac.fr\/wp-content\/uploads\/2022\/11\/DSC06113-copie-WEB-scaled.jpg 2560w, https:\/\/jazzconilhac.fr\/wp-content\/uploads\/2022\/11\/DSC06113-copie-WEB-300x225.jpg 300w\" sizes=\"(max-width: 2560px) 100vw, 2560px\" \/><\/figure>\n\n\n\n<figure class=\"wp-block-image size-large\"><img decoding=\"async\" data-id=\"4009\" src=\"https:\/\/jazzconilhac.fr\/wp-content\/uploads\/2022\/11\/DSC06074-copie-WEB.jpg\" alt=\"\" class=\"wp-image-4009\"\/><\/figure>\n\n\n\n<figure class=\"wp-block-image size-large\"><img loading=\"lazy\" decoding=\"async\" width=\"1024\" height=\"768\" data-id=\"3990\" src=\"https:\/\/jazzconilhac.fr\/wp-content\/uploads\/2022\/11\/DSC00949-copie-WEB-1024x768.jpg\" alt=\"\" class=\"wp-image-3990\" srcset=\"https:\/\/jazzconilhac.fr\/wp-content\/uploads\/2022\/11\/DSC00949-copie-WEB-1024x768.jpg 1024w, https:\/\/jazzconilhac.fr\/wp-content\/uploads\/2022\/11\/DSC00949-copie-WEB-300x225.jpg 300w, https:\/\/jazzconilhac.fr\/wp-content\/uploads\/2022\/11\/DSC00949-copie-WEB-768x576.jpg 768w\" sizes=\"(max-width: 1024px) 100vw, 1024px\" \/><\/figure>\n\n\n\n<figure class=\"wp-block-image size-large\"><img decoding=\"async\" data-id=\"4000\" src=\"https:\/\/jazzconilhac.fr\/wp-content\/uploads\/2022\/11\/DSC06015-copie-WEB.jpg\" alt=\"\" class=\"wp-image-4000\"\/><\/figure>\n\n\n\n<figure class=\"wp-block-image size-large\"><img loading=\"lazy\" decoding=\"async\" width=\"1024\" height=\"768\" data-id=\"3996\" src=\"https:\/\/jazzconilhac.fr\/wp-content\/uploads\/2022\/11\/DSC00984-copie-WEB-1024x768.jpg\" alt=\"\" class=\"wp-image-3996\" srcset=\"https:\/\/jazzconilhac.fr\/wp-content\/uploads\/2022\/11\/DSC00984-copie-WEB-1024x768.jpg 1024w, https:\/\/jazzconilhac.fr\/wp-content\/uploads\/2022\/11\/DSC00984-copie-WEB-300x225.jpg 300w, https:\/\/jazzconilhac.fr\/wp-content\/uploads\/2022\/11\/DSC00984-copie-WEB-768x576.jpg 768w, https:\/\/jazzconilhac.fr\/wp-content\/uploads\/2022\/11\/DSC00984-copie-WEB-1536x1152.jpg 1536w, https:\/\/jazzconilhac.fr\/wp-content\/uploads\/2022\/11\/DSC00984-copie-WEB-2048x1536.jpg 2048w\" sizes=\"(max-width: 1024px) 100vw, 1024px\" \/><\/figure>\n\n\n\n<figure class=\"wp-block-image size-large\"><img loading=\"lazy\" decoding=\"async\" width=\"768\" height=\"1024\" data-id=\"4015\" src=\"https:\/\/jazzconilhac.fr\/wp-content\/uploads\/2022\/11\/DSC06134-copie-WEB-768x1024.jpg\" alt=\"\" class=\"wp-image-4015\" srcset=\"https:\/\/jazzconilhac.fr\/wp-content\/uploads\/2022\/11\/DSC06134-copie-WEB-768x1024.jpg 768w, https:\/\/jazzconilhac.fr\/wp-content\/uploads\/2022\/11\/DSC06134-copie-WEB-225x300.jpg 225w, https:\/\/jazzconilhac.fr\/wp-content\/uploads\/2022\/11\/DSC06134-copie-WEB-1152x1536.jpg 1152w, https:\/\/jazzconilhac.fr\/wp-content\/uploads\/2022\/11\/DSC06134-copie-WEB-1536x2048.jpg 1536w, https:\/\/jazzconilhac.fr\/wp-content\/uploads\/2022\/11\/DSC06134-copie-WEB-scaled.jpg 1920w\" sizes=\"(max-width: 768px) 100vw, 768px\" \/><\/figure>\n<\/figure>\n","protected":false},"excerpt":{"rendered":"<p>https:\/\/artistiquementsolidaire.blogspot.com\/p\/D\u00c9COMPTE A Conilhac, pas de fus\u00e9e \u00e0 envoyer dans la stratosph\u00e8re, ici la Nature est respect\u00e9e. Mais le d\u00e9compte a bien eu lieu et l\u2019histoire commence toujours \u00e0 vingt heures&#8230; <\/p>\n<div class=\"read-more navbutton\"><a href=\"https:\/\/jazzconilhac.fr\/index.php\/2022\/11\/16\/le-decompte\/\">Lire la suite<i class=\"fa fa-angle-double-right\"><\/i><\/a><\/div>\n","protected":false},"author":1,"featured_media":0,"comment_status":"closed","ping_status":"closed","sticky":false,"template":"","format":"standard","meta":{"footnotes":""},"categories":[1],"tags":[],"_links":{"self":[{"href":"https:\/\/jazzconilhac.fr\/index.php\/wp-json\/wp\/v2\/posts\/3984"}],"collection":[{"href":"https:\/\/jazzconilhac.fr\/index.php\/wp-json\/wp\/v2\/posts"}],"about":[{"href":"https:\/\/jazzconilhac.fr\/index.php\/wp-json\/wp\/v2\/types\/post"}],"author":[{"embeddable":true,"href":"https:\/\/jazzconilhac.fr\/index.php\/wp-json\/wp\/v2\/users\/1"}],"replies":[{"embeddable":true,"href":"https:\/\/jazzconilhac.fr\/index.php\/wp-json\/wp\/v2\/comments?post=3984"}],"version-history":[{"count":1,"href":"https:\/\/jazzconilhac.fr\/index.php\/wp-json\/wp\/v2\/posts\/3984\/revisions"}],"predecessor-version":[{"id":4021,"href":"https:\/\/jazzconilhac.fr\/index.php\/wp-json\/wp\/v2\/posts\/3984\/revisions\/4021"}],"wp:attachment":[{"href":"https:\/\/jazzconilhac.fr\/index.php\/wp-json\/wp\/v2\/media?parent=3984"}],"wp:term":[{"taxonomy":"category","embeddable":true,"href":"https:\/\/jazzconilhac.fr\/index.php\/wp-json\/wp\/v2\/categories?post=3984"},{"taxonomy":"post_tag","embeddable":true,"href":"https:\/\/jazzconilhac.fr\/index.php\/wp-json\/wp\/v2\/tags?post=3984"}],"curies":[{"name":"wp","href":"https:\/\/api.w.org\/{rel}","templated":true}]}}