{"id":606,"date":"2011-10-31T20:47:05","date_gmt":"2011-10-31T20:47:05","guid":{"rendered":"http:\/\/www.jazzconilhac.fr\/?p=606"},"modified":"2011-10-31T20:47:05","modified_gmt":"2011-10-31T20:47:05","slug":"lechonilhjazz-les-echos-29-octobre-2011","status":"publish","type":"post","link":"https:\/\/jazzconilhac.fr\/index.php\/2011\/10\/31\/lechonilhjazz-les-echos-29-octobre-2011\/","title":{"rendered":"L&#039;Echonilh&#039;Jazz &#8211; Les Echos &#8211; 29 octobre 2011"},"content":{"rendered":"<p>\t\t\t\t<![CDATA[\n\n<p align=\"center\"><strong>JOURNAL DU FESTIVAL de CONILHAC 2011<\/strong>\nR\u00e9dacteurs du Journal\u00a0 :\nBabeth PORCARELLI, Vicky et Jean Michel CHESSARI, Ren\u00e9 GRAUBY<\/p>\n\n\n\n\n<p style=\"text-align: left;\" align=\"center\"><a title=\"L'Echonilh'Jazz\" href=\"http:\/\/www.jazzconilhac.fr\/wp-content\/uploads\/2011\/10\/Journal2011-1.pdf\" target=\"_blank\">T\u00e9l\u00e9chargez le journal au format pdf<\/a><\/p>\n\n\n\n\n<p align=\"center\"><strong>LES ECHOS<\/strong><\/p>\n\n\n\n\n<h5><strong><em><a href=\"http:\/\/www.jazzconilhac.fr\/wp-content\/uploads\/2011\/10\/LEchonilhJazz_1.png\"><img loading=\"lazy\" decoding=\"async\" class=\"alignleft size-full wp-image-618\" title=\"L'Echonilh'Jazz_1\" src=\"http:\/\/www.jazzconilhac.fr\/wp-content\/uploads\/2011\/10\/LEchonilhJazz_1.png\" alt=\"\" width=\"227\" height=\"132\" \/><\/a>Les \u00e9chos du festival sont r\u00e9colt\u00e9s par nos fouines au cours des soir\u00e9es du festival. Il nous est tr\u00e8s difficile de reproduire des \u00e9chos pour cette premi\u00e8re. Nous vous proposons donc de retrouver quelques \u00e9chos colport\u00e9s au cours des pr\u00e9c\u00e9dents festivals mettant en sc\u00e8ne les b\u00e9n\u00e9voles conilhacois. Ceux-ci se tiennent d\u2019ailleurs \u00e0 votre disposition pour vous \u00e9clairer. (Premi\u00e8re mouture: Echos de 1998 \u00e0 2002&#8230;la suite dans les prochains \u00ab\u00a0Echonilh\u2019Jazz\u00a0\u00bb)<\/em><\/strong><\/h5>\n\n\n\n\n<h5><strong><em><\/em>\n1988: * <\/strong>Le son du festival sera driv\u00e9 par notre ami \u00ab\u00a0Alets\u00a0\u00bb qui navigue comme un poisson pilote dans le festival. Personne d\u2019autre ne conna\u00eet mieux que lui les murs de la salle des f\u00eates et les artistes qui se succ\u00e8dent n\u2019ont qu\u2019\u00e0 se louer de ses services. Sa patience, sa comp\u00e9tence et son investissement au sein de l\u2019association sont tr\u00e8s appr\u00e9ci\u00e9s par les responsables conilhacois.\n* L\u2019accueil et la convivialit\u00e9 sont les atouts-ma\u00eetres de J\/C. Au seul mot de Champagne prononc\u00e9 l\u2019autre soir par Joe Lee Wilson, au d\u00e9tour d\u2019une chanson, deux diables sont sortis du bar pour lui amener une bouteille sur la sc\u00e8ne. La plus embarrass\u00e9e de tous fut sans contexte Maryl\u00e8ne qui dut attendre la fin de la chanson improvis\u00e9e \u00e0 cet effet. Quant \u00e0 Alain, il voyait d\u00e9j\u00e0 Bobby Few d\u2019un autre \u0153il.<strong><em>\n2000: * <\/em><\/strong><em>\u00ab\u00a0S\u00e9curit\u00e9 \u00bb (Robert) a failli rendre son badge en voyant un spectateur de 2 m. de haut. Nous lui avons propos\u00e9 des talonnettes pour la semaine d\u2019apr\u00e8s et tout est rentr\u00e9 dans l\u2019ordre.\n* Notre chef cuisini\u00e8re Clotilde a \u00e9t\u00e9 demand\u00e9e en mariage, \u00e0 genoux par Allen Kirk, le batteur de Magic Slim. Il a voulu l\u2019emmener aux USA pour ouvrir un restaurant. Il faut dire que le cassoulet de Clotilde et de Suzanne en valait la peine. Malheureusement, Allen n\u2019aime pas le caf\u00e9 et Clotilde aime que le lui porte au lit tous les matins. Elle est donc rest\u00e9e avec nous. Quelle chance !\n* Mais que faisait donc Babeth dans le confessionnal pendant le concert de Gospel ? Croyant qu\u2019elle souhaitait une confession tardive ou qu\u2019elle voulait simplement rentrer dans les ordres, ses amis de l\u2019association ont appris, un peu d\u00e9\u00e7us, que celle-ci avait simplement trouv\u00e9 le meilleur angle possible pour la prise de photos.\n* France3 a eu l\u2019honneur de recevoir un illustre invit\u00e9: notre pr\u00e9sident Ren\u00e9 Grauby est enfin pass\u00e9 \u00e0 la t\u00e9l\u00e9vision pour pr\u00e9senter le festival de Jazz\/Conilhac. Tr\u00e8s bonne prestation et un tr\u00e8s grand sang froid devant les cam\u00e9ras, soutenu par Jean Michel. Cependant l\u2019entr\u00e9e au studio s\u2019est faite apr\u00e8s une s\u00e9ance de maquillage digne de \u00ab\u00a0la cage aux folles\u00a0\u00bb. Fond de teint, poudre, rouge \u00e0 l\u00e8vres, le tout faisant dispara\u00eetre toutes ses rides et lui donnant une peau lisse comme celle d\u2019un b\u00e9b\u00e9.\nApr\u00e8s l\u2019\u00e9mission, il a refus\u00e9 de se d\u00e9maquiller pour montrer \u00e0 Anne comme il \u00e9tait bien \u00ab\u00a0pomponn\u00e9\u00a0\u00bb. Inconv\u00e9nient: Jean Michel et Ren\u00e9 n\u2018ont m\u00eame pas pu s\u2019arr\u00eater \u00e0 S\u00e8te pour manger un plateau d\u2019hu\u00eetres \u00e0 cause du maquillage et du couple tendancieux qu\u2019ils formaient alors.<\/em><strong>\n2001: * <\/strong>Vu le temps cl\u00e9ment et la temp\u00e9rature rafra\u00eechie, Raymonde a remis sa robe de soir\u00e9e pour grands froids: la sac poubelle de chez SIVOM&#8230;et \u00e7a marche.\n* N\u00e9n\u00e9 n\u2019a toujours pas compris pourquoi on a fait venir \u00e0 Conilhac un musicien d\u2019orgue quand nous avons une sp\u00e9cialiste locale qui officie \u00e0 l\u2019\u00e9glise.<strong><em>\n2002: * <\/em><\/strong><em>Voyant un jeune homme qui attendait dans l\u2019entr\u00e9e, H\u00e9l\u00e8ne, charg\u00e9e du placement, lui a demand\u00e9 son ticket pour l\u2019installer. Mais il s\u2019agissait de No\u00e9 Reinhardt, un des musiciens de la soir\u00e9e. En constatant sa m\u00e9prise, H\u00e9l\u00e8ne a piqu\u00e9 un des plus beaux fards que l\u2019on n\u2019ait jamais vus.\n* Babeth a voulu \u00ab\u00a0faire la belle\u00a0\u00bb en mettant des talons pour la soir\u00e9e. A l&rsquo;entracte, elle est all\u00e9e changer de chaussures. La prochaine fois, elle va demander \u00e0 N\u00e9n\u00e9 de lui pr\u00eater ses charentaises.\n* Des spectateurs ont enguirland\u00e9 Jocelyne parce qu\u2019il n\u2019y avait rien \u00e0 manger avant le concert et que leurs enfants n\u2019avaient pas d\u00een\u00e9. En d\u00e9sespoir de cause, Jocelyne leur a propos\u00e9 des chocolats chauds, les deux seuls vendus de la soir\u00e9e.\n* C\u2019est en partie Jean Michel qui met en place les articles pour le journal. Malheureusement, il ne les coupe jamais droits comme Ren\u00e9 le lui a fait remarquer. Ce \u00e0 quoi Jean Mimi a r\u00e9pondu : Je suis g\u00e9om\u00e8tre, pas couturi\u00e8re\u00a0\u00bb.<\/em><\/h5>\n\n]]>\t\t<\/p>\n","protected":false},"excerpt":{"rendered":"<p>\t\t\t\t<![CDATA[]]>\t\t&#8230; <\/p>\n<div class=\"read-more navbutton\"><a href=\"https:\/\/jazzconilhac.fr\/index.php\/2011\/10\/31\/lechonilhjazz-les-echos-29-octobre-2011\/\">Lire la suite<i class=\"fa fa-angle-double-right\"><\/i><\/a><\/div>\n","protected":false},"author":1,"featured_media":0,"comment_status":"open","ping_status":"open","sticky":false,"template":"","format":"standard","meta":{"footnotes":""},"categories":[3],"tags":[],"_links":{"self":[{"href":"https:\/\/jazzconilhac.fr\/index.php\/wp-json\/wp\/v2\/posts\/606"}],"collection":[{"href":"https:\/\/jazzconilhac.fr\/index.php\/wp-json\/wp\/v2\/posts"}],"about":[{"href":"https:\/\/jazzconilhac.fr\/index.php\/wp-json\/wp\/v2\/types\/post"}],"author":[{"embeddable":true,"href":"https:\/\/jazzconilhac.fr\/index.php\/wp-json\/wp\/v2\/users\/1"}],"replies":[{"embeddable":true,"href":"https:\/\/jazzconilhac.fr\/index.php\/wp-json\/wp\/v2\/comments?post=606"}],"version-history":[{"count":0,"href":"https:\/\/jazzconilhac.fr\/index.php\/wp-json\/wp\/v2\/posts\/606\/revisions"}],"wp:attachment":[{"href":"https:\/\/jazzconilhac.fr\/index.php\/wp-json\/wp\/v2\/media?parent=606"}],"wp:term":[{"taxonomy":"category","embeddable":true,"href":"https:\/\/jazzconilhac.fr\/index.php\/wp-json\/wp\/v2\/categories?post=606"},{"taxonomy":"post_tag","embeddable":true,"href":"https:\/\/jazzconilhac.fr\/index.php\/wp-json\/wp\/v2\/tags?post=606"}],"curies":[{"name":"wp","href":"https:\/\/api.w.org\/{rel}","templated":true}]}}